{"id":2347,"date":"2017-04-09T10:19:21","date_gmt":"2017-04-09T09:19:21","guid":{"rendered":"https:\/\/sherpanes.com\/?p=2347"},"modified":"2017-04-21T18:00:01","modified_gmt":"2017-04-21T17:00:01","slug":"la-randonnee-avec-anes-souvre-aux-enfants-handicapes-moteur-selle-nouvelle-generation","status":"publish","type":"post","link":"https:\/\/sherpanes.com\/en\/2017\/04\/09\/la-randonnee-avec-anes-souvre-aux-enfants-handicapes-moteur-selle-nouvelle-generation\/","title":{"rendered":"La randonn\u00e9e avec \u00e2nes s\u2019ouvre aux enfants handicap\u00e9s moteur aves la selle Handiane!"},"content":{"rendered":"<p>Fruit d\u2019un beau travail en collaboration avec l\u2019association <a href=\"http:\/\/www.handiane.pro\/\"><strong>Handiane<\/strong><\/a>,\u00a0<strong>Sherp\u2019\u00e2nes<\/strong> propose aujourd\u2019hui de rendre accessibles les sentiers de notre beau plateau pour que tous les\u00a0enfants puissent d\u00e9couvrir en famille la randonn\u00e9e avec \u00e2nes. Depuis cette ann\u00e9e une<em><strong> nouvelle selle<\/strong> a vu le jour, de nombreux intervenants ont mis la main \u00e0 la p\u00e2te pour confectionner ce nouveau mod\u00e8le dont le sellier Bernard Lacuche, et les pr\u00e9cieux conseils d\u2019un sp\u00e9cialiste du b\u00e2tage et de la randonn\u00e9e \u00e0 cheval au long cours Emile Braeger.<\/em><\/p>\n<p>Une selle adapt\u00e9e qui\u00a0permet aux enfants handicap\u00e9s moteur d\u2019ins\u00e9rer leur corset si\u00e8ge de maintien et ainsi de pouvoir randonner \u00e0 dos d\u2019\u00e2nes m\u00eame sur des sentiers scabreux, de la d\u00e9couverte, de l\u2019aventure, du contact et du partage pour tous!<\/p>\n<p>Venez nous d\u00e9couvrir sur le causse du Larzac pour des randonn\u00e9es familiales!<\/p>\n<p><em><strong>Une nature accessible!<\/strong><\/em><\/p>\n<p><strong>La famille Toulet\u00a0 et la famille Chaumeton\u00a0 qui \u00e9taient d\u00e9j\u00e0 partis avec la version pr\u00e9c\u00e9dente de la selle,\u00a0l\u2019ont exp\u00e9riment\u00e9 durant 3 jours l&rsquo;\u00e9t\u00e9\u00a0dernier\u00a0 avec Pierre Emmanuel 6 ans, et Baptiste 5 ans\u00a0qui\u00a0ont pu gr\u00e2ce \u00e0 cette selle, randonner avec toute\u00a0leur famille et d\u00e9couvrir les joies d\u2019\u00eatre porter par un animal en toute confiance!<\/strong><\/p>\n<p><em><strong>Une\u00a0belle exp\u00e9rience\u00a0, des parents ravis et le sourire de Baptiste et Pierre Emmanuel!<\/strong><\/em><br \/>\n<strong>Merci \u00e0 eux\u2026 et longue vie \u00e0 cette selle adapt\u00e9e et \u00e0 cette belle aventure pour tous!<\/strong><\/p>","protected":false},"excerpt":{"rendered":"<p>Fruit d\u2019un beau travail en collaboration avec l\u2019association Handiane,\u00a0Sherp\u2019\u00e2nes propose aujourd\u2019hui de rendre accessibles les sentiers de notre beau plateau pour que tous les\u00a0enfants puissent d\u00e9couvrir<span class=\"excerpt-hellip\"> [\u2026]<\/span><\/p>","protected":false},"author":2,"featured_media":2348,"comment_status":"open","ping_status":"open","sticky":false,"template":"","format":"standard","meta":{"footnotes":""},"categories":[11,8],"tags":[],"class_list":["post-2347","post","type-post","status-publish","format-standard","has-post-thumbnail","hentry","category-partenaires","category-nouveautes"],"aioseo_notices":[],"_links":{"self":[{"href":"https:\/\/sherpanes.com\/en\/wp-json\/wp\/v2\/posts\/2347","targetHints":{"allow":["GET"]}}],"collection":[{"href":"https:\/\/sherpanes.com\/en\/wp-json\/wp\/v2\/posts"}],"about":[{"href":"https:\/\/sherpanes.com\/en\/wp-json\/wp\/v2\/types\/post"}],"author":[{"embeddable":true,"href":"https:\/\/sherpanes.com\/en\/wp-json\/wp\/v2\/users\/2"}],"replies":[{"embeddable":true,"href":"https:\/\/sherpanes.com\/en\/wp-json\/wp\/v2\/comments?post=2347"}],"version-history":[{"count":7,"href":"https:\/\/sherpanes.com\/en\/wp-json\/wp\/v2\/posts\/2347\/revisions"}],"predecessor-version":[{"id":2752,"href":"https:\/\/sherpanes.com\/en\/wp-json\/wp\/v2\/posts\/2347\/revisions\/2752"}],"wp:featuredmedia":[{"embeddable":true,"href":"https:\/\/sherpanes.com\/en\/wp-json\/wp\/v2\/media\/2348"}],"wp:attachment":[{"href":"https:\/\/sherpanes.com\/en\/wp-json\/wp\/v2\/media?parent=2347"}],"wp:term":[{"taxonomy":"category","embeddable":true,"href":"https:\/\/sherpanes.com\/en\/wp-json\/wp\/v2\/categories?post=2347"},{"taxonomy":"post_tag","embeddable":true,"href":"https:\/\/sherpanes.com\/en\/wp-json\/wp\/v2\/tags?post=2347"}],"curies":[{"name":"wp","href":"https:\/\/api.w.org\/{rel}","templated":true}]}}